{"id":1141,"date":"2019-10-25T09:39:44","date_gmt":"2019-10-25T07:39:44","guid":{"rendered":"http:\/\/www.sdg.org.pl\/?p=1141"},"modified":"2019-10-25T09:39:44","modified_gmt":"2019-10-25T07:39:44","slug":"prezentacja-manaslu-blok-dopoludniowy","status":"publish","type":"post","link":"https:\/\/www.sdg.org.pl\/index.php\/2019\/10\/25\/prezentacja-manaslu-blok-dopoludniowy\/","title":{"rendered":"Prezentacja Manaslu, blok dopo\u0142udniowy"},"content":{"rendered":"<p>Co roku na Speleokonforntacjach mamy zaszczyt go\u015bci\u0107 wspania\u0142ych prelegent\u00f3w! W tym roku mamy dla Was przygotowan\u0105 prawdziw\u0105 bomb\u0119 (nie dos\u0142ownie oczywi\u015bcie)! Je\u015bli chcesz si\u0119 dowiedzie\u0107 czy po\u0142anieta przydaje si\u0119 poza jaskini\u0105, jakie zastosowanie ma drabina na lodowcu, czy powy\u017cej 8000 jest zimno i dlaczego zabra\u0107 kalosze w Himalaje zapraszamy na prelekcj\u0119 Marka Olczaka (S\u0141) o niedawnym wej\u015bciu na 8 szczyt \u015bwiata Manaslu <a class=\"profileLink\" href=\"https:\/\/www.facebook.com\/MarekOlczakAlpinist-104542207622959\/?__tn__=K-R&amp;eid=ARDLJQiqy04rXNdyLZvS_E4jUWM_SO_fkSXUk3NVTiEPqxrI-RR8Rg407ZuFFUXcSDQW0bf35OvRu4U0&amp;fref=mentions&amp;__xts__%5B0%5D=68.ARBdjYHkKdHnJ03_7SAQYKn0cUDWqXaZD0k2R63BziC-GzsndFAloyQTYqXkn22kPKhZnhGsbhjpXW8hKoE0GHxhULB3dapZ0cjKJq9FIz-fxZTTYi50DrLlmVlbY1pOigGILGzivQFdSviIbCUzyx1c0lk25qdX9aK3dfTHfNB9I_aDmWo-X2pfYCamL0ySbxKJeRKGC1frxBTw_KDbtXsZFyOxkumupiZa6yI2DpkjWV0GzidtO_zpxAGN3sGpvZI1JTlEzgErRW1sF3am46MAURv5eNaVgmdEuDxCznA6RV2z4Pe-QHbNsJZqLkS6048VZQ3fVbZVadGaraDBUZkNMCuINdpAKcrHZjNbMXKABET-ToI\" data-hovercard=\"\/ajax\/hovercard\/page.php?id=104542207622959&amp;extragetparams=%7B%22__tn__%22%3A%22%2CdK-R-R%22%2C%22eid%22%3A%22ARDLJQiqy04rXNdyLZvS_E4jUWM_SO_fkSXUk3NVTiEPqxrI-RR8Rg407ZuFFUXcSDQW0bf35OvRu4U0%22%2C%22fref%22%3A%22mentions%22%2C%22directed_target_id%22%3A2274041152717417%7D\" data-hovercard-prefer-more-content-show=\"1\">https:\/\/www.facebook.com\/MarekOlczakAlpinist-104542207622959\/<\/a>. Prezentacja odb\u0119dzie si\u0119 w sobot\u0119 w bloku dopo\u0142udniowym. Serdecznie zapraszamy!<\/p>\n<p><img loading=\"lazy\" decoding=\"async\" class=\"alignnone size-medium wp-image-1142\" src=\"http:\/\/www.sdg.org.pl\/wp-content\/uploads\/DSCN4556-300x225.jpg\" alt=\"\" width=\"300\" height=\"225\" srcset=\"https:\/\/www.sdg.org.pl\/wp-content\/uploads\/DSCN4556-300x225.jpg 300w, https:\/\/www.sdg.org.pl\/wp-content\/uploads\/DSCN4556-1024x768.jpg 1024w, https:\/\/www.sdg.org.pl\/wp-content\/uploads\/DSCN4556-660x495.jpg 660w, https:\/\/www.sdg.org.pl\/wp-content\/uploads\/DSCN4556-450x338.jpg 450w\" sizes=\"auto, (max-width: 300px) 100vw, 300px\" \/><\/p>\n<figure id=\"attachment_1143\" aria-describedby=\"caption-attachment-1143\" style=\"width: 300px\" class=\"wp-caption alignnone\"><img loading=\"lazy\" decoding=\"async\" class=\"size-medium wp-image-1143\" src=\"http:\/\/www.sdg.org.pl\/wp-content\/uploads\/GOPR0259-300x225.jpg\" alt=\"\" width=\"300\" height=\"225\" srcset=\"https:\/\/www.sdg.org.pl\/wp-content\/uploads\/GOPR0259-300x225.jpg 300w, https:\/\/www.sdg.org.pl\/wp-content\/uploads\/GOPR0259-1024x768.jpg 1024w, https:\/\/www.sdg.org.pl\/wp-content\/uploads\/GOPR0259-660x495.jpg 660w, https:\/\/www.sdg.org.pl\/wp-content\/uploads\/GOPR0259-450x338.jpg 450w\" sizes=\"auto, (max-width: 300px) 100vw, 300px\" \/><figcaption id=\"caption-attachment-1143\" class=\"wp-caption-text\">DCIM100GOPROGOPR0259.JPG<\/figcaption><\/figure>\n<figure id=\"attachment_1144\" aria-describedby=\"caption-attachment-1144\" style=\"width: 300px\" class=\"wp-caption alignnone\"><img loading=\"lazy\" decoding=\"async\" class=\"size-medium wp-image-1144\" src=\"http:\/\/www.sdg.org.pl\/wp-content\/uploads\/GOPR0264-300x225.jpg\" alt=\"\" width=\"300\" height=\"225\" srcset=\"https:\/\/www.sdg.org.pl\/wp-content\/uploads\/GOPR0264-300x225.jpg 300w, https:\/\/www.sdg.org.pl\/wp-content\/uploads\/GOPR0264-1024x768.jpg 1024w, https:\/\/www.sdg.org.pl\/wp-content\/uploads\/GOPR0264-660x495.jpg 660w, https:\/\/www.sdg.org.pl\/wp-content\/uploads\/GOPR0264-450x338.jpg 450w\" sizes=\"auto, (max-width: 300px) 100vw, 300px\" \/><figcaption id=\"caption-attachment-1144\" class=\"wp-caption-text\">DCIM100GOPROGOPR0264.JPG<\/figcaption><\/figure>\n","protected":false},"excerpt":{"rendered":"<p>Co roku na Speleokonforntacjach mamy zaszczyt go\u015bci\u0107 wspania\u0142ych prelegent\u00f3w! W tym roku mamy dla Was przygotowan\u0105 prawdziw\u0105 bomb\u0119 (nie dos\u0142ownie oczywi\u015bcie)! Je\u015bli chcesz si\u0119 dowiedzie\u0107 czy po\u0142anieta przydaje si\u0119 poza jaskini\u0105, jakie zastosowanie ma drabina na lodowcu, czy powy\u017cej 8000 jest zimno i dlaczego zabra\u0107 kalosze w Himalaje zapraszamy na prelekcj\u0119 Marka Olczaka (S\u0141) o niedawnym wej\u015bciu na 8 szczyt [&hellip;]<\/p>\n","protected":false},"author":3,"featured_media":0,"comment_status":"closed","ping_status":"open","sticky":false,"template":"","format":"standard","meta":{"footnotes":""},"categories":[27],"tags":[],"class_list":["post-1141","post","type-post","status-publish","format-standard","hentry","category-speleokonfrontacje","clearfix"],"_links":{"self":[{"href":"https:\/\/www.sdg.org.pl\/index.php\/wp-json\/wp\/v2\/posts\/1141","targetHints":{"allow":["GET"]}}],"collection":[{"href":"https:\/\/www.sdg.org.pl\/index.php\/wp-json\/wp\/v2\/posts"}],"about":[{"href":"https:\/\/www.sdg.org.pl\/index.php\/wp-json\/wp\/v2\/types\/post"}],"author":[{"embeddable":true,"href":"https:\/\/www.sdg.org.pl\/index.php\/wp-json\/wp\/v2\/users\/3"}],"replies":[{"embeddable":true,"href":"https:\/\/www.sdg.org.pl\/index.php\/wp-json\/wp\/v2\/comments?post=1141"}],"version-history":[{"count":1,"href":"https:\/\/www.sdg.org.pl\/index.php\/wp-json\/wp\/v2\/posts\/1141\/revisions"}],"predecessor-version":[{"id":1145,"href":"https:\/\/www.sdg.org.pl\/index.php\/wp-json\/wp\/v2\/posts\/1141\/revisions\/1145"}],"wp:attachment":[{"href":"https:\/\/www.sdg.org.pl\/index.php\/wp-json\/wp\/v2\/media?parent=1141"}],"wp:term":[{"taxonomy":"category","embeddable":true,"href":"https:\/\/www.sdg.org.pl\/index.php\/wp-json\/wp\/v2\/categories?post=1141"},{"taxonomy":"post_tag","embeddable":true,"href":"https:\/\/www.sdg.org.pl\/index.php\/wp-json\/wp\/v2\/tags?post=1141"}],"curies":[{"name":"wp","href":"https:\/\/api.w.org\/{rel}","templated":true}]}}