{"id":181,"date":"2012-07-02T20:29:28","date_gmt":"2012-07-02T18:29:28","guid":{"rendered":"http:\/\/www.sdg.org.pl\/wordpress\/index.php\/2012\/07\/02\/jurajska-wyprawa-wspinaczkowo-jaskiniowa-3\/"},"modified":"2012-07-02T20:29:28","modified_gmt":"2012-07-02T18:29:28","slug":"jurajska-wyprawa-wspinaczkowo-jaskiniowa-3","status":"publish","type":"post","link":"https:\/\/www.sdg.org.pl\/index.php\/2012\/07\/02\/jurajska-wyprawa-wspinaczkowo-jaskiniowa-3\/","title":{"rendered":"Jurajska Wyprawa Wspinaczkowo-Jaskiniowa"},"content":{"rendered":"<p align=\"center\"><strong>Og\u00f3lny opis wyprawy<\/strong><\/p>\n<ol>\n<li style=\"text-align: justify;\">Wyprawa ma charakter biwaku pod namiotami (w\u0142asny namiot, karimata, \u015bpiw\u00f3r, naczynia: mena\u017cki, ewentualnie talerz, kubek, sztu\u0107ce, \u015bciereczka itp., scyzoryk), krzese\u0142ko turystyczne, mo\u017cna wzi\u0105\u0107 stolik.<\/li>\n<li style=\"text-align: justify;\">Termin: 11-15 sierpnia 2012.<\/li>\n<li style=\"text-align: justify;\">Miejsce: <br \/> spotykamy si\u0119 11 sierpnia o godzinie 10tej na G\u00f3rze Bir\u00f3w w Podzamczu ko\u0142o Ogrodzie\u0144ca (w zale\u017cno\u015bci od potrzeb uczestnik\u00f3w s\u0105 dwie mo\u017cliwo\u015bci rozbicia obozowiska &#8211; na polu namiotowym, koszt ok. 10-15 z\u0142 od osoby za noc, lub na polanie pod ska\u0142ami)<br \/> 13 sierpnia przenosimy obozowisko na Straszykow\u0105 G\u00f3r\u0119 w Ryczowie<br \/> 15 sierpnia ko\u0144czymy zaj\u0119cia oko\u0142o po\u0142udnia i rozje\u017cd\u017camy si\u0119 do dom\u00f3w<\/li>\n<li style=\"text-align: justify;\">   <!--more-->  Og\u00f3lny plan zaj\u0119\u0107:<br \/> &#8211; wspinaczka z asekuracj\u0105 odg\u00f3rn\u0105<br \/> &#8211; \u0107wiczenie technik jaskiniowych (poruszanie si\u0119 na linach)<br \/> &#8211; codziennie wieczorem ognisko z kie\u0142baskami (mile widziani uczestnicy z gitarami i \u015bpiewnikami, z naszej strony gitara i \u015bpiew b\u0119dzie)<br \/> &#8211; tyrolka w Ryczowie<br \/> &#8211; 14 sierpnia zawody w technikach linowych na linowym torze przeszk\u00f3d o Puchar Speleoklubu<br \/> &#8211; zwiedzanie poziomej jaskini Straszykowej w Ryczowie<br \/> &#8211; do dyspozycji uczestnik\u00f3w b\u0119dzie butla gazowa, saperka, czajnik, garnek, namiot bazowy (na wypadek deszczu), \u0142uk i strza\u0142y, \u201eboole\u201d, mo\u017cna zabra\u0107 swoje ulubione gry i zach\u0119ci\u0107 pozosta\u0142ych uczestnik\u00f3w do grania<br \/> &#8211; na w\u0142asn\u0105 r\u0119k\u0119 lub pod opiek\u0105 rodzic\u00f3w b\u0119dzie mo\u017cliwo\u015b\u0107 zwiedzenia zamku i parku miniatur.<\/li>\n<li style=\"text-align: justify;\">Wpisowe 60 z\u0142 od osoby na dzia\u0142alno\u015b\u0107 statutow\u0105 Speleoklubu, przeznaczone na koszty organizacji i cz\u0119\u015b\u0107 sprz\u0119tu, p\u0142atne do 30 lipca. W przypadku rezygnacji do 5 sierpnia istnieje mo\u017cliwo\u015b\u0107 zwrotu 50% darowizny<\/li>\n<li style=\"text-align: justify;\">Obowi\u0105zkowe ubezpieczenie NNW (alpinizm lub wspinaczka &#8211; w zale\u017cno\u015bci od firmy, w ka\u017cdym razie od sport\u00f3w podwy\u017cszonego ryzyka- sprawdzamy w pierwszym dniu imprezy).<\/li>\n<li style=\"text-align: justify;\">W czasie imprezy b\u0119dzie wykonywana dokumentacja fotograficzna, kt\u00f3ra zostanie w ca\u0142o\u015bci przekazana uczestnikom na spotkaniu po wakacjach w siedzibie klubu (data zostanie wyznaczona wsp\u00f3lnie). Materia\u0142 foto zostanie wykorzystany przez organizatora w materia\u0142ach promocyjnych i sprawozdawczych, r\u00f3wnie\u017c w prasie i na stronach internetowych.<\/li>\n<li style=\"text-align: justify;\">W trakcie wyprawy, dla os\u00f3b szczeg\u00f3lnie zainteresowanych istnieje mo\u017cliwo\u015b\u0107 szkolenia zgodnie w programem PZA (w miar\u0119 mo\u017cliwo\u015bci) przygotowuj\u0105cego do kurs\u00f3w specjalistycznych.<\/li>\n<li style=\"text-align: justify;\">Szczeg\u00f3\u0142owy regulamin oraz o\u015bwiadczenia o odpowiedzialno\u015bci uczestnicy podpisuj\u0105 przed rozpocz\u0119ciem wyprawy.<\/li>\n<li style=\"text-align: justify;\">Osoby nieletnie zapraszamy pod opiek\u0105 rodzic\u00f3w lub osoby doros\u0142ej, po o\u015bwiadczeniu rodzic\u00f3w o przekazaniu opieki na dzieckiem.<\/li>\n<\/ol>\n","protected":false},"excerpt":{"rendered":"<p>Og\u00f3lny opis wyprawy Wyprawa ma charakter biwaku pod namiotami (w\u0142asny namiot, karimata, \u015bpiw\u00f3r, naczynia: mena\u017cki, ewentualnie talerz, kubek, sztu\u0107ce, \u015bciereczka itp., scyzoryk), krzese\u0142ko turystyczne, mo\u017cna wzi\u0105\u0107 stolik. Termin: 11-15 sierpnia 2012. Miejsce: spotykamy si\u0119 11 sierpnia o godzinie 10tej na G\u00f3rze Bir\u00f3w w Podzamczu ko\u0142o Ogrodzie\u0144ca (w zale\u017cno\u015bci od potrzeb uczestnik\u00f3w s\u0105 dwie mo\u017cliwo\u015bci rozbicia obozowiska &#8211; na polu namiotowym, [&hellip;]<\/p>\n","protected":false},"author":2,"featured_media":0,"comment_status":"open","ping_status":"open","sticky":false,"template":"","format":"standard","meta":{"footnotes":""},"categories":[18],"tags":[],"class_list":["post-181","post","type-post","status-publish","format-standard","hentry","category-ogloszenia","clearfix"],"_links":{"self":[{"href":"https:\/\/www.sdg.org.pl\/index.php\/wp-json\/wp\/v2\/posts\/181","targetHints":{"allow":["GET"]}}],"collection":[{"href":"https:\/\/www.sdg.org.pl\/index.php\/wp-json\/wp\/v2\/posts"}],"about":[{"href":"https:\/\/www.sdg.org.pl\/index.php\/wp-json\/wp\/v2\/types\/post"}],"author":[{"embeddable":true,"href":"https:\/\/www.sdg.org.pl\/index.php\/wp-json\/wp\/v2\/users\/2"}],"replies":[{"embeddable":true,"href":"https:\/\/www.sdg.org.pl\/index.php\/wp-json\/wp\/v2\/comments?post=181"}],"version-history":[{"count":0,"href":"https:\/\/www.sdg.org.pl\/index.php\/wp-json\/wp\/v2\/posts\/181\/revisions"}],"wp:attachment":[{"href":"https:\/\/www.sdg.org.pl\/index.php\/wp-json\/wp\/v2\/media?parent=181"}],"wp:term":[{"taxonomy":"category","embeddable":true,"href":"https:\/\/www.sdg.org.pl\/index.php\/wp-json\/wp\/v2\/categories?post=181"},{"taxonomy":"post_tag","embeddable":true,"href":"https:\/\/www.sdg.org.pl\/index.php\/wp-json\/wp\/v2\/tags?post=181"}],"curies":[{"name":"wp","href":"https:\/\/api.w.org\/{rel}","templated":true}]}}