{"id":47,"date":"2010-12-23T22:56:34","date_gmt":"2010-12-23T21:56:34","guid":{"rendered":"http:\/\/www.sdg.org.pl\/wordpress\/index.php\/2010\/12\/23\/speleo-kulig-6012011\/"},"modified":"2010-12-23T22:56:34","modified_gmt":"2010-12-23T21:56:34","slug":"speleo-kulig-6012011","status":"publish","type":"post","link":"https:\/\/www.sdg.org.pl\/index.php\/2010\/12\/23\/speleo-kulig-6012011\/","title":{"rendered":"Speleo-Kulig &#8211; 6\/01\/2011"},"content":{"rendered":"<p style=\"text-align: justify;\"><span style=\"color: #ff0000;\"><strong>UWAGA &#8211; ZMIANY !<\/strong><\/span><\/p>\n<p style=\"text-align: justify;\">W czwartek 6 stycznia 2011 wszystkich cz\u0142onk\u00f3w i sympatyk\u00f3w Klubu zapraszamy na <strong>Speleo-Kulig<\/strong>.<\/p>\n<p style=\"text-align: justify;\">Startujemy z <strong>Niesu\u0142owic k. Olkusza <\/strong>o godz 12:00.<\/p>\n<p style=\"text-align: justify;\">Wymagany kask, czo\u0142\u00f3wka (dopuszcza si\u0119 stosowanie o\u015bwietlenia karbidowego) i oczywi\u015bcie <strong>sanki <\/strong>z lon\u017cem. Potem <strong>ognisko<\/strong>, grill i <strong>\u017curek<\/strong>.<\/p>\n<p style=\"text-align: justify;\">Prosz\u0119 o wcze\u015bniejsze zg\u0142oszenia &#8211; Olo, tel. 600470925 lub <a href=\"mailto:olo@sdg.org.pl\">olo@sdg.org.pl<\/a>.<\/p>\n<p style=\"text-align: justify;\">Szczeg\u00f3\u0142y poni\u017cej<\/p>\n<p>  <!--more-->  <\/p>\n<p>Link do miejsca startu:<br \/><a href=\"http:\/\/maps.google.pl\/maps\/ms?ie=UTF8&amp;hl=pl&amp;msa=0&amp;msid=200547852658594725573.000492bd5a1f761315d4f&amp;ll=50.414644,19.508972&amp;spn=0.424419,0.883026&amp;z=10&amp;iwloc=0004991ab75f2b5bea86b\" target=\"_blank\">http:\/\/maps.google.pl\/maps\/ms?ie=UTF8&amp;hl=pl&amp;msa=0&amp;msid=200547852658594725573.000492bd5a1f761315d4f&amp;ll=50.414644,19.508972&amp;spn=0.424419,0.883026&amp;z=10&amp;iwloc=0004991ab75f2b5bea8<\/a><\/p>\n<p>\u00a0<\/p>\n<p style=\"text-align: justify;\">Trasa kuligu to ok. 6 km.<\/p>\n<p style=\"text-align: justify;\">Ognisko jest planowane jest w odleg\u0142o\u015bci ok. 5 km od miejsca startu &#8211; prosz\u0119 si\u0119 przygotowa\u0107 na ok 3godz. biwak. Ciep\u0142e ciuchy i termosy z odpowiedni\u0105 zawarto\u015bci\u0105 wskazane.<\/p>\n<p style=\"text-align: justify;\">Po ognisku ponownie na sankach wracamy do samochod\u00f3w.<\/p>\n<p style=\"text-align: justify;\">Przewidywane koszty wy\u017cywienia &#8211; ok. 7-8 pln\/osob\u0119.<\/p>\n<p style=\"text-align: justify;\">\u00a0<\/p>\n<p style=\"text-align: justify;\">\u00a0<\/p>\n<div id=\"_mcePaste\" style=\"position: absolute; left: -10000px; top: 0px; width: 1px; height: 1px; overflow: hidden;\"><strong> <\/strong><\/div>\n","protected":false},"excerpt":{"rendered":"<p>UWAGA &#8211; ZMIANY ! W czwartek 6 stycznia 2011 wszystkich cz\u0142onk\u00f3w i sympatyk\u00f3w Klubu zapraszamy na Speleo-Kulig. Startujemy z Niesu\u0142owic k. Olkusza o godz 12:00. Wymagany kask, czo\u0142\u00f3wka (dopuszcza si\u0119 stosowanie o\u015bwietlenia karbidowego) i oczywi\u015bcie sanki z lon\u017cem. Potem ognisko, grill i \u017curek. Prosz\u0119 o wcze\u015bniejsze zg\u0142oszenia &#8211; Olo, tel. 600470925 lub olo@sdg.org.pl. Szczeg\u00f3\u0142y poni\u017cej<\/p>\n","protected":false},"author":2,"featured_media":0,"comment_status":"open","ping_status":"open","sticky":false,"template":"","format":"standard","meta":{"footnotes":""},"categories":[18],"tags":[],"class_list":["post-47","post","type-post","status-publish","format-standard","hentry","category-ogloszenia","clearfix"],"_links":{"self":[{"href":"https:\/\/www.sdg.org.pl\/index.php\/wp-json\/wp\/v2\/posts\/47","targetHints":{"allow":["GET"]}}],"collection":[{"href":"https:\/\/www.sdg.org.pl\/index.php\/wp-json\/wp\/v2\/posts"}],"about":[{"href":"https:\/\/www.sdg.org.pl\/index.php\/wp-json\/wp\/v2\/types\/post"}],"author":[{"embeddable":true,"href":"https:\/\/www.sdg.org.pl\/index.php\/wp-json\/wp\/v2\/users\/2"}],"replies":[{"embeddable":true,"href":"https:\/\/www.sdg.org.pl\/index.php\/wp-json\/wp\/v2\/comments?post=47"}],"version-history":[{"count":0,"href":"https:\/\/www.sdg.org.pl\/index.php\/wp-json\/wp\/v2\/posts\/47\/revisions"}],"wp:attachment":[{"href":"https:\/\/www.sdg.org.pl\/index.php\/wp-json\/wp\/v2\/media?parent=47"}],"wp:term":[{"taxonomy":"category","embeddable":true,"href":"https:\/\/www.sdg.org.pl\/index.php\/wp-json\/wp\/v2\/categories?post=47"},{"taxonomy":"post_tag","embeddable":true,"href":"https:\/\/www.sdg.org.pl\/index.php\/wp-json\/wp\/v2\/tags?post=47"}],"curies":[{"name":"wp","href":"https:\/\/api.w.org\/{rel}","templated":true}]}}