{"id":484,"date":"2015-04-08T08:28:40","date_gmt":"2015-04-08T06:28:40","guid":{"rendered":"http:\/\/www.sdg.org.pl\/wordpress\/index.php\/2015\/04\/08\/kurs-taternictwa-jaskiniowego-2015\/"},"modified":"2017-01-18T12:49:23","modified_gmt":"2017-01-18T11:49:23","slug":"kurs-taternictwa-jaskiniowego-2015","status":"publish","type":"post","link":"https:\/\/www.sdg.org.pl\/index.php\/2015\/04\/08\/kurs-taternictwa-jaskiniowego-2015\/","title":{"rendered":"Kurs Taternictwa Jaskiniowego 2015"},"content":{"rendered":"<p>Serdecznie zapraszamy na wiosenn\u0105 edycj\u0119 Kursu Taternictwa Jaskiniowego.<\/p>\n<p>Pierwszy wyjazd ska\u0142kowy planujemy ju\u017c na 18-19 kwietnia 2015.<\/p>\n<p>Letnie zgrupowanie tatrza\u0144skie planujemy na 1-9 sierpnia 2015.<\/p>\n","protected":false},"excerpt":{"rendered":"<p>Serdecznie zapraszamy na wiosenn\u0105 edycj\u0119 Kursu Taternictwa Jaskiniowego. Pierwszy wyjazd ska\u0142kowy planujemy ju\u017c na 18-19 kwietnia 2015. Letnie zgrupowanie tatrza\u0144skie planujemy na 1-9 sierpnia 2015.<\/p>\n","protected":false},"author":2,"featured_media":483,"comment_status":"open","ping_status":"open","sticky":false,"template":"","format":"standard","meta":{"footnotes":""},"categories":[18],"tags":[],"class_list":["post-484","post","type-post","status-publish","format-standard","has-post-thumbnail","hentry","category-ogloszenia","clearfix"],"_links":{"self":[{"href":"https:\/\/www.sdg.org.pl\/index.php\/wp-json\/wp\/v2\/posts\/484","targetHints":{"allow":["GET"]}}],"collection":[{"href":"https:\/\/www.sdg.org.pl\/index.php\/wp-json\/wp\/v2\/posts"}],"about":[{"href":"https:\/\/www.sdg.org.pl\/index.php\/wp-json\/wp\/v2\/types\/post"}],"author":[{"embeddable":true,"href":"https:\/\/www.sdg.org.pl\/index.php\/wp-json\/wp\/v2\/users\/2"}],"replies":[{"embeddable":true,"href":"https:\/\/www.sdg.org.pl\/index.php\/wp-json\/wp\/v2\/comments?post=484"}],"version-history":[{"count":1,"href":"https:\/\/www.sdg.org.pl\/index.php\/wp-json\/wp\/v2\/posts\/484\/revisions"}],"predecessor-version":[{"id":738,"href":"https:\/\/www.sdg.org.pl\/index.php\/wp-json\/wp\/v2\/posts\/484\/revisions\/738"}],"wp:featuredmedia":[{"embeddable":true,"href":"https:\/\/www.sdg.org.pl\/index.php\/wp-json\/wp\/v2\/media\/483"}],"wp:attachment":[{"href":"https:\/\/www.sdg.org.pl\/index.php\/wp-json\/wp\/v2\/media?parent=484"}],"wp:term":[{"taxonomy":"category","embeddable":true,"href":"https:\/\/www.sdg.org.pl\/index.php\/wp-json\/wp\/v2\/categories?post=484"},{"taxonomy":"post_tag","embeddable":true,"href":"https:\/\/www.sdg.org.pl\/index.php\/wp-json\/wp\/v2\/tags?post=484"}],"curies":[{"name":"wp","href":"https:\/\/api.w.org\/{rel}","templated":true}]}}