{"id":492,"date":"2015-10-30T09:26:28","date_gmt":"2015-10-30T08:26:28","guid":{"rendered":"http:\/\/www.sdg.org.pl\/wordpress\/index.php\/2015\/10\/30\/informacje-dotyczce-rezerwacji-noclegow-sk-2015\/"},"modified":"2016-10-23T02:16:43","modified_gmt":"2016-10-23T00:16:43","slug":"informacje-dotyczce-rezerwacji-noclegow-sk-2015","status":"publish","type":"post","link":"https:\/\/www.sdg.org.pl\/index.php\/2015\/10\/30\/informacje-dotyczce-rezerwacji-noclegow-sk-2015\/","title":{"rendered":"Informacje dotycz\u0105ce rezerwacji nocleg\u00f3w SK 2015"},"content":{"rendered":"<p>\u00a0<\/p>\n<div style=\"direction: ltr; position: relative; color: #141823; font-family: helvetica, arial, sans-serif; font-size: 14px; white-space: pre-wrap; background-color: #ffffff;\"><span>Informacja dotycz\u0105ca rezerwacji nocleg\u00f3w.WA\u017bNE<\/span><\/div>\n<div style=\"direction: ltr; position: relative; color: #141823; font-family: helvetica, arial, sans-serif; font-size: 14px; white-space: pre-wrap; background-color: #ffffff;\"><span>Noclegi obejmuj\u0105 miejsca bez po\u015bcieli. Je\u017celi kto\u015b \u017cyczy sobie miejsce z po\u015bciel\u0105 (za dodatkow\u0105 op\u0142at\u0105), proszony jest o kontakt z organizatorem.<\/span><\/div>\n<div style=\"direction: ltr; position: relative; color: #141823; font-family: helvetica, arial, sans-serif; font-size: 14px; white-space: pre-wrap; background-color: #ffffff;\"><span><br \/><\/span><\/div>\n<div style=\"direction: ltr; position: relative; color: #141823; font-family: helvetica, arial, sans-serif; font-size: 14px; white-space: pre-wrap; background-color: #ffffff;\"><span>1. Aby zarezerwowa\u0107 noclegi nale\u017cy wype\u0142ni\u0107 formularz rejestracyjny (dzi\u015b pojawi sie link do formularza) wpisujemy dane (z telefonem i e-mailem) osoby rezerwuj\u0105cej oraz dane pozosta\u0142ych mieszka\u0144c\u00f3w pokoju<\/span><\/div>\n<div style=\"direction: ltr; position: relative; color: #141823; font-family: helvetica, arial, sans-serif; font-size: 14px; white-space: pre-wrap; background-color: #ffffff;\"><span><br \/><\/span><\/div>\n<div style=\"direction: ltr; position: relative; color: #141823; font-family: helvetica, arial, sans-serif; font-size: 14px; white-space: pre-wrap; background-color: #ffffff;\"><span>2. Dost\u0119pny b\u0119dzie link do tabeli pokoi (b\u0119d\u0105 zaznaczone pokoje wolne, zarezerwowane oraz op\u0142acone)<\/span><\/div>\n<div style=\"direction: ltr; position: relative; color: #141823; font-family: helvetica, arial, sans-serif; font-size: 14px; white-space: pre-wrap; background-color: #ffffff;\"><span><br \/><\/span><\/div>\n<div style=\"direction: ltr; position: relative; color: #141823; font-family: helvetica, arial, sans-serif; font-size: 14px; white-space: pre-wrap; background-color: #ffffff;\"><span>Uwaga! <\/span><\/div>\n<div style=\"direction: ltr; position: relative; color: #141823; font-family: helvetica, arial, sans-serif; font-size: 14px; white-space: pre-wrap; background-color: #ffffff;\"><span>Wype\u0142nienie formularza nie jest jednoznaczne z natychmiastow\u0105  rezerwacj\u0105 konkretnego pokoju- wykaz pokoi bedzie uzupe\u0142niany r\u0119cznie, minimum 2 razy na dob\u0119. Je\u017celi zdarzy si\u0119 sytuacja, \u017ce kilka klub\u00f3w zam\u00f3wi ten sam pok\u00f3j, decyduje kto pierwszy wype\u0142ni\u0142 formularz. Z pozosta\u0142ymi kontaktujemy sie telefonicznie z propozycja innego pokoju.<\/span><\/div>\n<div style=\"direction: ltr; position: relative; color: #141823; font-family: helvetica, arial, sans-serif; font-size: 14px; white-space: pre-wrap; background-color: #ffffff;\"><span><br \/><\/span><\/div>\n<div style=\"direction: ltr; position: relative; color: #141823; font-family: helvetica, arial, sans-serif; font-size: 14px; white-space: pre-wrap; background-color: #ffffff;\"><span>Prosimy o zbieranie sie w grupy klubowe czy towarzyskie, tak, by rezerwowa\u0107 od razu ca\u0142y pok\u00f3j. Mo\u017cna przekroczy\u0107 liczb\u0119 os\u00f3b zamieszkuj\u0105cych w jednym pokoju (nocleg na karimacie) ze zni\u017ck\u0105 10 z\u0142.<\/span><\/div>\n<div style=\"direction: ltr; position: relative; color: #141823; font-family: helvetica, arial, sans-serif; font-size: 14px; white-space: pre-wrap; background-color: #ffffff;\"><span><br \/><\/span><\/div>\n<div style=\"direction: ltr; position: relative; color: #141823; font-family: helvetica, arial, sans-serif; font-size: 14px; white-space: pre-wrap; background-color: #ffffff;\"><span>3. W tabeli pokoi po aktualizacji pojawi si\u0119 informacja o rezerwacji danego pokoju (zmiana koloru na niebieski) oraz inicja\u0142y g\u0142\u00f3wnego najmuj\u0105cego. Prosimy o uwa\u017cne zweryfikowanie i kontakt w razie nie\u015bcis\u0142o\u015bci.<\/span><\/div>\n<div style=\"direction: ltr; position: relative; color: #141823; font-family: helvetica, arial, sans-serif; font-size: 14px; white-space: pre-wrap; background-color: #ffffff;\"><span><br \/><\/span><\/div>\n<div style=\"direction: ltr; position: relative; color: #141823; font-family: helvetica, arial, sans-serif; font-size: 14px; white-space: pre-wrap; background-color: #ffffff;\"><span>4. W ci\u0105gu 24 godzin od rezerwcji nale\u017cy wp\u0142aci\u0107 nale\u017cno\u015b\u0107 za CA\u0141Y POK\u00d3J na konto podane w formularzu rejestracyjnym. W przypadku braku wp\u0142aty pok\u00f3j wraca do puli wolnych pokoi. <\/span><\/div>\n<div style=\"direction: ltr; position: relative; color: #141823; font-family: helvetica, arial, sans-serif; font-size: 14px; white-space: pre-wrap; background-color: #ffffff;\"><span>Prosimy o wydrukowanie dowodu wp\u0142aty i okazanie podczas rejestracji pokoju w recepcji imprexy- znacznie przyspieszy to procedur\u0119 odbioru klucza (nie trzeba szuka\u0107 na listach)<\/span><\/div>\n<div style=\"direction: ltr; position: relative; color: #141823; font-family: helvetica, arial, sans-serif; font-size: 14px; white-space: pre-wrap; background-color: #ffffff;\"><span><br \/><\/span><\/div>\n<div style=\"direction: ltr; position: relative; color: #141823; font-family: helvetica, arial, sans-serif; font-size: 14px; white-space: pre-wrap; background-color: #ffffff;\"><span>5. Osoby rezerwuj\u0105ce pojedyncze miejsca b\u0119d\u0105 grupowane razem po konsultacji telefonicznej.<\/span><\/div>\n<div style=\"direction: ltr; position: relative; color: #141823; font-family: helvetica, arial, sans-serif; font-size: 14px; white-space: pre-wrap; background-color: #ffffff;\"><span><br \/><\/span><\/div>\n<div style=\"direction: ltr; position: relative; color: #141823; font-family: helvetica, arial, sans-serif; font-size: 14px; white-space: pre-wrap; background-color: #ffffff;\"><span>6.Po wyczerpaniu puli wolnych pokoi pojawi sie pula miejsc w sali konferencyjnej (miejsca na materacach w asy\u015bcie chrapania s\u0105siad\u00f3w) ze zni\u017ck\u0105 15 z\u0142<\/span><\/div>\n<div style=\"direction: ltr; position: relative; color: #141823; font-family: helvetica, arial, sans-serif; font-size: 14px; white-space: pre-wrap; background-color: #ffffff;\"><span><br \/><\/span><\/div>\n<div style=\"direction: ltr; position: relative; color: #141823; font-family: helvetica, arial, sans-serif; font-size: 14px; white-space: pre-wrap; background-color: #ffffff;\">\n<p><span>7. Pokoje 1-2 osobowe zosta\u0142y zarezerwowane dla rodzin z ma\u0142ymi dzie\u0107mi  (\u015bpi\u0105cymi z rodzicami lub we w\u0142asnym \u0142\u00f3\u017ceczku) Rezerwacji dokonujemy na adres kontaktowy. W temacie prosimy wpisa\u0107 &#8222;Rezerwacja z dzie\u0107mi&#8221;<\/span><\/p>\n<p><strong><span>Pakiety:<br \/> Wej\u015bcie do godz. 21.00 sobota (po godz. 21.00 opuszczenie lokalu) 35,00 z\u0142<br \/> Wej\u015bcie z obiadem jw. 50,00 z\u0142<span><br \/> Ca\u0142o\u015b\u0107 imprezy sobota &#8211; niedziela z losowaniem w niedziel\u0119 85,00 z\u0142<\/span><\/span><\/strong><\/p>\n<\/p><\/div>\n<div style=\"direction: ltr; position: relative; color: #141823; font-family: helvetica, arial, sans-serif; font-size: 14px; white-space: pre-wrap; background-color: #ffffff;\"><span><br \/><\/span><\/div>\n<div style=\"direction: ltr; position: relative; color: #141823; font-family: helvetica, arial, sans-serif; font-size: 14px; white-space: pre-wrap; background-color: #ffffff;\"><span>Prosimy o \u015bledzenie informacji pojawiaj\u0105cych si\u0119 na bie\u017c\u0105co<\/span><\/div>\n<div style=\"direction: ltr; position: relative; color: #141823; font-family: helvetica, arial, sans-serif; font-size: 14px; white-space: pre-wrap; background-color: #ffffff;\"><span><br \/><\/span><\/div>\n<div style=\"direction: ltr; position: relative; color: #141823; font-family: helvetica, arial, sans-serif; font-size: 14px; white-space: pre-wrap; background-color: #ffffff;\"><span>Kontakt:<\/span><\/div>\n<div style=\"direction: ltr; position: relative; color: #141823; font-family: helvetica, arial, sans-serif; font-size: 14px; white-space: pre-wrap; background-color: #ffffff;\"><span>speleokonfrontacje@onet.eu<\/span><\/div>\n<div style=\"direction: ltr; position: relative; color: #141823; font-family: helvetica, arial, sans-serif; font-size: 14px; white-space: pre-wrap; background-color: #ffffff;\"><span>505080844<\/span><\/div>\n","protected":false},"excerpt":{"rendered":"<p>\u00a0 Informacja dotycz\u0105ca rezerwacji nocleg\u00f3w.WA\u017bNE Noclegi obejmuj\u0105 miejsca bez po\u015bcieli. Je\u017celi kto\u015b \u017cyczy sobie miejsce z po\u015bciel\u0105 (za dodatkow\u0105 op\u0142at\u0105), proszony jest o kontakt z organizatorem. 1. Aby zarezerwowa\u0107 noclegi nale\u017cy wype\u0142ni\u0107 formularz rejestracyjny (dzi\u015b pojawi sie link do formularza) wpisujemy dane (z telefonem i e-mailem) osoby rezerwuj\u0105cej oraz dane pozosta\u0142ych mieszka\u0144c\u00f3w pokoju 2. Dost\u0119pny b\u0119dzie link do tabeli pokoi [&hellip;]<\/p>\n","protected":false},"author":2,"featured_media":0,"comment_status":"open","ping_status":"open","sticky":false,"template":"","format":"standard","meta":{"footnotes":""},"categories":[27],"tags":[],"class_list":["post-492","post","type-post","status-publish","format-standard","hentry","category-speleokonfrontacje","clearfix"],"_links":{"self":[{"href":"https:\/\/www.sdg.org.pl\/index.php\/wp-json\/wp\/v2\/posts\/492","targetHints":{"allow":["GET"]}}],"collection":[{"href":"https:\/\/www.sdg.org.pl\/index.php\/wp-json\/wp\/v2\/posts"}],"about":[{"href":"https:\/\/www.sdg.org.pl\/index.php\/wp-json\/wp\/v2\/types\/post"}],"author":[{"embeddable":true,"href":"https:\/\/www.sdg.org.pl\/index.php\/wp-json\/wp\/v2\/users\/2"}],"replies":[{"embeddable":true,"href":"https:\/\/www.sdg.org.pl\/index.php\/wp-json\/wp\/v2\/comments?post=492"}],"version-history":[{"count":1,"href":"https:\/\/www.sdg.org.pl\/index.php\/wp-json\/wp\/v2\/posts\/492\/revisions"}],"predecessor-version":[{"id":637,"href":"https:\/\/www.sdg.org.pl\/index.php\/wp-json\/wp\/v2\/posts\/492\/revisions\/637"}],"wp:attachment":[{"href":"https:\/\/www.sdg.org.pl\/index.php\/wp-json\/wp\/v2\/media?parent=492"}],"wp:term":[{"taxonomy":"category","embeddable":true,"href":"https:\/\/www.sdg.org.pl\/index.php\/wp-json\/wp\/v2\/categories?post=492"},{"taxonomy":"post_tag","embeddable":true,"href":"https:\/\/www.sdg.org.pl\/index.php\/wp-json\/wp\/v2\/tags?post=492"}],"curies":[{"name":"wp","href":"https:\/\/api.w.org\/{rel}","templated":true}]}}