{"id":494,"date":"2015-11-19T19:19:18","date_gmt":"2015-11-19T18:19:18","guid":{"rendered":"http:\/\/www.sdg.org.pl\/wordpress\/index.php\/2015\/11\/19\/prezentacje-speleokonfrontacje-2015\/"},"modified":"2016-10-23T02:16:43","modified_gmt":"2016-10-23T00:16:43","slug":"prezentacje-speleokonfrontacje-2015","status":"publish","type":"post","link":"https:\/\/www.sdg.org.pl\/index.php\/2015\/11\/19\/prezentacje-speleokonfrontacje-2015\/","title":{"rendered":"Prezentacje Speleokonfrontacje 2015"},"content":{"rendered":"<p>Lista prezentacji &#8222;Speleokonfrontacje 2015&#8221;:<\/p>\n<p>  <!--more-->  <\/p>\n<p>\u00a0<\/p>\n<p>\u00a0<\/p>\n<table border=\"1\" cellspacing=\"0\" cellpadding=\"0\">\n<tbody>\n<tr>\n<td width=\"54\" valign=\"top\">\n<p align=\"center\">\u00a0<\/p>\n<\/td>\n<td width=\"302\">\n<p align=\"center\">tytu\u0142<\/p>\n<\/td>\n<td width=\"262\">\n<p align=\"center\">Nazwisko autora<\/p>\n<\/td>\n<\/tr>\n<tr>\n<td style=\"text-align: center;\" width=\"54\" valign=\"top\">1.<\/td>\n<td width=\"302\">\n<p align=\"center\">Pierwsza   polska wyprawa na Reunion<\/p>\n<\/td>\n<td width=\"262\">\n<p align=\"center\">Paulina   Za\u0142ubska<\/p>\n<\/td>\n<\/tr>\n<tr>\n<td style=\"text-align: center;\" width=\"54\" valign=\"top\">2.<\/td>\n<td width=\"302\">\n<p align=\"center\">Jedna   jaskinia IV<\/p>\n<\/td>\n<td width=\"262\">\n<p align=\"center\">Jakub   Nowak<\/p>\n<\/td>\n<\/tr>\n<tr>\n<td style=\"text-align: center;\" width=\"54\" valign=\"top\">3.<\/td>\n<td width=\"302\">\n<p align=\"center\">Szczelina   Wojcieszowska<\/p>\n<\/td>\n<td width=\"262\">\n<p align=\"center\">Rajmund   Kondratowicz<\/p>\n<\/td>\n<\/tr>\n<tr>\n<td style=\"text-align: center;\" width=\"54\" valign=\"top\">4.<\/td>\n<td width=\"302\">\n<p align=\"center\">Meduza   2015<\/p>\n<\/td>\n<td width=\"262\">\n<p align=\"center\">Pawe\u0142 Ruda<\/p>\n<\/td>\n<\/tr>\n<tr>\n<td style=\"text-align: center;\" width=\"54\" valign=\"top\">5.<\/td>\n<td width=\"302\">\n<p align=\"center\">Czarna   jakiej nie znacie<\/p>\n<\/td>\n<td width=\"262\">\n<p align=\"center\">Jakub   Nowak<\/p>\n<\/td>\n<\/tr>\n<tr>\n<td style=\"text-align: center;\" width=\"54\" valign=\"top\">6.<\/td>\n<td width=\"302\">\n<p align=\"center\">Stary   cz\u0142owiek i mo\u017ce Beata<\/p>\n<\/td>\n<td width=\"262\">\n<p align=\"center\">Micha\u0142   Ganszer<\/p>\n<\/td>\n<\/tr>\n<tr>\n<td style=\"text-align: center;\" width=\"54\" valign=\"top\">7.<\/td>\n<td width=\"302\">\n<p align=\"center\">Sardynia.   Mokry sen groto\u0142az\u00f3w<\/p>\n<\/td>\n<td width=\"262\">\n<p align=\"center\">Witold   Hoffmann<\/p>\n<\/td>\n<\/tr>\n<tr>\n<td style=\"text-align: center;\" width=\"54\" valign=\"top\">8.<\/td>\n<td width=\"302\">\n<p align=\"center\">Reunion.   Kanioning i rum<\/p>\n<\/td>\n<td width=\"262\">\n<p align=\"center\">Grzegorz   Badurski<\/p>\n<\/td>\n<\/tr>\n<tr>\n<td style=\"text-align: center;\" width=\"54\" valign=\"top\">9.<\/td>\n<td width=\"302\">\n<p align=\"center\">G\u00f6ll&#8217;2015<\/p>\n<\/td>\n<td width=\"262\">\n<p align=\"center\">Damian   Szo\u0142tysik<\/p>\n<\/td>\n<\/tr>\n<tr>\n<td width=\"54\" valign=\"top\">\n<p align=\"center\">10.<\/p>\n<\/td>\n<td width=\"302\">\n<p align=\"center\">Ca\u0142a   prawda o kanioningu<\/p>\n<\/td>\n<td width=\"262\">\n<p align=\"center\">Grzegorz   Badurski<\/p>\n<\/td>\n<\/tr>\n<tr>\n<td width=\"54\" valign=\"top\">\n<p align=\"center\">11.<\/p>\n<\/td>\n<td width=\"302\">\n<p align=\"center\">Zacisk<\/p>\n<\/td>\n<td width=\"262\">\n<p align=\"center\">Marcin   Furtak, Zenon Kondratowicz<\/p>\n<\/td>\n<\/tr>\n<tr>\n<td width=\"54\" valign=\"top\">\n<p align=\"center\">12.<\/p>\n<\/td>\n<td width=\"302\">\n<p align=\"center\">Eksploracja   jaskiniowa w okolicach Podlesic<\/p>\n<\/td>\n<td width=\"262\">\n<p align=\"center\">Maciej   Pawe\u0142czyk<\/p>\n<\/td>\n<\/tr>\n<tr>\n<td width=\"54\" valign=\"top\">\n<p align=\"center\">13.<\/p>\n<\/td>\n<td width=\"302\">\n<p align=\"center\">Gruzja   2015<\/p>\n<\/td>\n<td width=\"262\">\n<p align=\"center\">Olo   Dobrza\u0144ski<\/p>\n<\/td>\n<\/tr>\n<tr>\n<td width=\"54\" valign=\"top\">\n<p align=\"center\">14.<\/p>\n<\/td>\n<td width=\"302\">\n<p align=\"center\">Szukaj\u0105c   po\u0142\u0105czenia &#8211; Leoganger Steinberge 2015<\/p>\n<\/td>\n<td width=\"262\">\n<p align=\"center\">Jacek   Dajda<\/p>\n<\/td>\n<\/tr>\n<tr>\n<td width=\"54\" valign=\"top\">\n<p align=\"center\">15.<\/p>\n<\/td>\n<td width=\"302\">\n<p align=\"center\">Chiny 2014   &#8211; Wyprawa Centralna KTJ PZA<\/p>\n<\/td>\n<td width=\"262\">\n<p align=\"center\">Micha\u0142 Ciszewski, Pawe\u0142 Ramatowski<\/p>\n<\/td>\n<\/tr>\n<tr>\n<td width=\"54\" valign=\"top\">\n<p align=\"center\">16.<\/p>\n<\/td>\n<td width=\"302\">\n<p align=\"center\">SPERANTEI<\/p>\n<\/td>\n<td width=\"262\">\n<p align=\"center\">Robert   ZIRO Pest<\/p>\n<\/td>\n<\/tr>\n<tr>\n<td width=\"54\" valign=\"top\">\n<p align=\"center\">17.<\/p>\n<\/td>\n<td width=\"302\">\n<p align=\"center\">Pod   Podszewk\u0105 Tatr<\/p>\n<\/td>\n<td width=\"262\">\n<p align=\"center\">Arkadiusz   Brzoza<\/p>\n<\/td>\n<\/tr>\n<tr>\n<td width=\"54\" valign=\"top\">\n<p align=\"center\">18.<\/p>\n<\/td>\n<td width=\"302\">\n<p align=\"center\">Gryka e   Madhe- eksploracja Wielkiego Syfonu<\/p>\n<\/td>\n<td width=\"262\">\n<p align=\"center\">Wiktor   Trojanowski<\/p>\n<\/td>\n<\/tr>\n<tr>\n<td width=\"54\" valign=\"top\">\n<p align=\"center\">19.<\/p>\n<\/td>\n<td width=\"302\">\n<p align=\"center\">Wyprawa   FSP Krubera-Voronia 2015<\/p>\n<\/td>\n<td width=\"262\">\n<p align=\"center\">Amadeusz   Lisiecki<\/p>\n<\/td>\n<\/tr>\n<tr>\n<td width=\"54\" valign=\"top\">\n<p align=\"center\">20.<\/p>\n<\/td>\n<td width=\"302\">\n<p align=\"center\">Akcja w   Nied\u017awiedziej<\/p>\n<\/td>\n<td width=\"262\">\n<p align=\"center\">Rajmund   Kondratowicz,<\/p>\n<\/td>\n<\/tr>\n<tr>\n<td width=\"54\" valign=\"top\">\n<p align=\"center\">21.<\/p>\n<\/td>\n<td width=\"302\">\n<p align=\"center\">Kr\u00f3tka   wyprawa do Macedonii<\/p>\n<\/td>\n<td width=\"262\">\n<p align=\"center\">Piotr   Malinger<\/p>\n<\/td>\n<\/tr>\n<tr>\n<td width=\"54\" valign=\"top\">\n<p align=\"center\">22.<\/p>\n<\/td>\n<td width=\"302\">\n<p align=\"center\">Od   Koralowej do Voroniej czyli 50 lat pod ziemi\u0105<\/p>\n<\/td>\n<td width=\"262\">\n<p align=\"center\">Kazimierz   Szych<\/p>\n<\/td>\n<\/tr>\n<\/tbody>\n<\/table>\n","protected":false},"excerpt":{"rendered":"<p>Lista prezentacji &#8222;Speleokonfrontacje 2015&#8221;:<\/p>\n","protected":false},"author":2,"featured_media":0,"comment_status":"open","ping_status":"open","sticky":false,"template":"","format":"standard","meta":{"footnotes":""},"categories":[27],"tags":[],"class_list":["post-494","post","type-post","status-publish","format-standard","hentry","category-speleokonfrontacje","clearfix"],"_links":{"self":[{"href":"https:\/\/www.sdg.org.pl\/index.php\/wp-json\/wp\/v2\/posts\/494","targetHints":{"allow":["GET"]}}],"collection":[{"href":"https:\/\/www.sdg.org.pl\/index.php\/wp-json\/wp\/v2\/posts"}],"about":[{"href":"https:\/\/www.sdg.org.pl\/index.php\/wp-json\/wp\/v2\/types\/post"}],"author":[{"embeddable":true,"href":"https:\/\/www.sdg.org.pl\/index.php\/wp-json\/wp\/v2\/users\/2"}],"replies":[{"embeddable":true,"href":"https:\/\/www.sdg.org.pl\/index.php\/wp-json\/wp\/v2\/comments?post=494"}],"version-history":[{"count":1,"href":"https:\/\/www.sdg.org.pl\/index.php\/wp-json\/wp\/v2\/posts\/494\/revisions"}],"predecessor-version":[{"id":635,"href":"https:\/\/www.sdg.org.pl\/index.php\/wp-json\/wp\/v2\/posts\/494\/revisions\/635"}],"wp:attachment":[{"href":"https:\/\/www.sdg.org.pl\/index.php\/wp-json\/wp\/v2\/media?parent=494"}],"wp:term":[{"taxonomy":"category","embeddable":true,"href":"https:\/\/www.sdg.org.pl\/index.php\/wp-json\/wp\/v2\/categories?post=494"},{"taxonomy":"post_tag","embeddable":true,"href":"https:\/\/www.sdg.org.pl\/index.php\/wp-json\/wp\/v2\/tags?post=494"}],"curies":[{"name":"wp","href":"https:\/\/api.w.org\/{rel}","templated":true}]}}