{"id":74,"date":"2011-04-22T12:28:13","date_gmt":"2011-04-22T10:28:13","guid":{"rendered":"http:\/\/www.sdg.org.pl\/wordpress\/index.php\/2011\/04\/22\/nowi-taternicy-jaskiniowi\/"},"modified":"2011-04-22T12:28:13","modified_gmt":"2011-04-22T10:28:13","slug":"nowi-taternicy-jaskiniowi","status":"publish","type":"post","link":"https:\/\/www.sdg.org.pl\/index.php\/2011\/04\/22\/nowi-taternicy-jaskiniowi\/","title":{"rendered":"Nowi taternicy jaskiniowi"},"content":{"rendered":"<p style=\"text-align: justify;\">W ostatni weekend 16-17\/4\/2011 na g\u00f3rze Bir\u00f3w odby\u0142 si\u0119 egzamin ko\u0144cowy kursu taternictwa jaskiniowego 2010\/2011.<\/p>\n<p style=\"text-align: justify;\">W obecno\u015bci licznie zgromadzonych klubowicz\u00f3w oraz komisji egzaminacyjnej w sk\u0142adzie Emek Soja, Iza W\u0142osek i Pawe\u0142 &#8222;Pablo&#8221; Ramatowski, po d\u0142ugich bojach z grawitacj\u0105 i zmaganiach linow\u0105 materi\u0105 tytu\u0142 Taternika Jaskiniowego uzyskali:<\/p>\n<p>  <!--more-->  <\/p>\n<p>Hanna Bagi\u0144ska<\/p>\n<p>Marcin Jamro\u017cy<\/p>\n<p>Micha\u0142 Kuchna<\/p>\n<p>Tomasz Lacheta<\/p>\n<p>Piotr Ruszkiewicz<\/p>\n<p>Marcin Soko\u0142owski<\/p>\n<p>Krzysztof Szczucki<\/p>\n<\/p>\n<p>Gratulujemy!<\/p>\n","protected":false},"excerpt":{"rendered":"<p>W ostatni weekend 16-17\/4\/2011 na g\u00f3rze Bir\u00f3w odby\u0142 si\u0119 egzamin ko\u0144cowy kursu taternictwa jaskiniowego 2010\/2011. W obecno\u015bci licznie zgromadzonych klubowicz\u00f3w oraz komisji egzaminacyjnej w sk\u0142adzie Emek Soja, Iza W\u0142osek i Pawe\u0142 &#8222;Pablo&#8221; Ramatowski, po d\u0142ugich bojach z grawitacj\u0105 i zmaganiach linow\u0105 materi\u0105 tytu\u0142 Taternika Jaskiniowego uzyskali:<\/p>\n","protected":false},"author":2,"featured_media":0,"comment_status":"open","ping_status":"open","sticky":false,"template":"","format":"standard","meta":{"footnotes":""},"categories":[16],"tags":[],"class_list":["post-74","post","type-post","status-publish","format-standard","hentry","category-szkolenie","clearfix"],"_links":{"self":[{"href":"https:\/\/www.sdg.org.pl\/index.php\/wp-json\/wp\/v2\/posts\/74","targetHints":{"allow":["GET"]}}],"collection":[{"href":"https:\/\/www.sdg.org.pl\/index.php\/wp-json\/wp\/v2\/posts"}],"about":[{"href":"https:\/\/www.sdg.org.pl\/index.php\/wp-json\/wp\/v2\/types\/post"}],"author":[{"embeddable":true,"href":"https:\/\/www.sdg.org.pl\/index.php\/wp-json\/wp\/v2\/users\/2"}],"replies":[{"embeddable":true,"href":"https:\/\/www.sdg.org.pl\/index.php\/wp-json\/wp\/v2\/comments?post=74"}],"version-history":[{"count":0,"href":"https:\/\/www.sdg.org.pl\/index.php\/wp-json\/wp\/v2\/posts\/74\/revisions"}],"wp:attachment":[{"href":"https:\/\/www.sdg.org.pl\/index.php\/wp-json\/wp\/v2\/media?parent=74"}],"wp:term":[{"taxonomy":"category","embeddable":true,"href":"https:\/\/www.sdg.org.pl\/index.php\/wp-json\/wp\/v2\/categories?post=74"},{"taxonomy":"post_tag","embeddable":true,"href":"https:\/\/www.sdg.org.pl\/index.php\/wp-json\/wp\/v2\/tags?post=74"}],"curies":[{"name":"wp","href":"https:\/\/api.w.org\/{rel}","templated":true}]}}